{"id":4666,"date":"2022-09-23T14:33:20","date_gmt":"2022-09-23T14:33:20","guid":{"rendered":"https:\/\/victoriacars.com\/de\/?p=4666"},"modified":"2022-09-23T14:50:23","modified_gmt":"2022-09-23T14:50:23","slug":"besten-wanderwege-in-benidorm","status":"publish","type":"post","link":"https:\/\/victoriacars.com\/de\/blog\/besten-wanderwege-in-benidorm\/","title":{"rendered":"Die 6 besten Wanderwege in Benidorm"},"content":{"rendered":"<p>Eine der Outdoor-Aktivit\u00e4ten, die heute mehr Sportler aus\u00fcben, ist <strong>das Wandern<\/strong>, und wo k\u00f6nnte man es besser tun als in den imposanten Bergen von Alicante, einer der Provinzen mit dem h\u00f6chsten touristischen Niveau dank seiner <strong>Gipfel mit unterschiedlichen Schwierigkeitsgraden<\/strong>.<\/p>\n<p><img decoding=\"async\" width=\"2048\" height=\"1152\" class=\"lazyload wp-image-4682\" src=\"https:\/\/victoriacars.com\/de\/wp-content\/uploads\/sites\/5\/2022\/09\/word-image-4666-1.png\" data-orig-src=\"https:\/\/victoriacars.com\/de\/wp-content\/uploads\/sites\/5\/2022\/09\/word-image-4666-1.png\" srcset=\"data:image\/svg+xml,%3Csvg%20xmlns%3D%27http%3A%2F%2Fwww.w3.org%2F2000%2Fsvg%27%20width%3D%272048%27%20height%3D%271152%27%20viewBox%3D%270%200%202048%201152%27%3E%3Crect%20width%3D%272048%27%20height%3D%271152%27%20fill-opacity%3D%220%22%2F%3E%3C%2Fsvg%3E\" data-srcset=\"https:\/\/victoriacars.com\/de\/wp-content\/uploads\/sites\/5\/2022\/09\/word-image-4666-1-200x113.png 200w, https:\/\/victoriacars.com\/de\/wp-content\/uploads\/sites\/5\/2022\/09\/word-image-4666-1-300x169.png 300w, https:\/\/victoriacars.com\/de\/wp-content\/uploads\/sites\/5\/2022\/09\/word-image-4666-1-400x225.png 400w, https:\/\/victoriacars.com\/de\/wp-content\/uploads\/sites\/5\/2022\/09\/word-image-4666-1-600x338.png 600w, https:\/\/victoriacars.com\/de\/wp-content\/uploads\/sites\/5\/2022\/09\/word-image-4666-1-768x432.png 768w, https:\/\/victoriacars.com\/de\/wp-content\/uploads\/sites\/5\/2022\/09\/word-image-4666-1-800x450.png 800w, https:\/\/victoriacars.com\/de\/wp-content\/uploads\/sites\/5\/2022\/09\/word-image-4666-1-1024x576.png 1024w, https:\/\/victoriacars.com\/de\/wp-content\/uploads\/sites\/5\/2022\/09\/word-image-4666-1-1200x675.png 1200w, https:\/\/victoriacars.com\/de\/wp-content\/uploads\/sites\/5\/2022\/09\/word-image-4666-1-1536x864.png 1536w, https:\/\/victoriacars.com\/de\/wp-content\/uploads\/sites\/5\/2022\/09\/word-image-4666-1.png 2048w\" data-sizes=\"auto\" data-orig-sizes=\"(max-width: 2048px) 100vw, 2048px\" \/><\/p>\n<p>Wenn Sie ein Wanderliebhaber sind, k\u00f6nnen Sie diesen Artikel nicht verpassen, in <strong>dem wir Ihnen die 8 besten Wanderwege in Benidorm<\/strong> vorstellen und Ihnen sagen, welche f\u00fcr einen ruhigen Familienspaziergang geeignet sind, und auch, welche f\u00fcr die anspruchsvollsten Abenteurer geeignet sind, die immer mehr wollen.<\/p>\n<h2><a id=\"post-4666-_5tb4c4g9gmrb\"><\/a> 1. Faro de l&#8217;Albir<\/h2>\n<p>Einer der Gr\u00fcnde, <strong>diese Route als Familie zu machen<\/strong>, ist, dass es sich um eine ausgeschilderte, flache und asphaltierte Stra\u00dfe handelt, so dass Sie sich nicht verlaufen k\u00f6nnen. Da es sich um einen <strong>sehr zug\u00e4nglichen Weg<\/strong> handelt, k\u00f6nnen Sie sogar mit Kinderwagen oder Rollst\u00fchlen gehen, ja, wenn Sie zu einem Aussichtspunkt gehen m\u00f6chten, m\u00fcssen Sie einige Treppen steigen, aber keine Sorge, es ist klein.<\/p>\n<p><strong>Die Tour beginnt am Informationspunkt, wir <\/strong>fahren zu einem Tunnel bis nach Punta Bombarda, wo wir schlie\u00dflich den ber\u00fchmten Faro de l&#8217;Albir mit den \u00dcberresten des Bombarda-Turms aus dem sechzehnten Jahrhundert finden.<\/p>\n<p><img decoding=\"async\" width=\"1128\" height=\"700\" class=\"lazyload wp-image-4683\" src=\"https:\/\/victoriacars.com\/de\/wp-content\/uploads\/sites\/5\/2022\/09\/word-image-4666-2.png\" data-orig-src=\"https:\/\/victoriacars.com\/de\/wp-content\/uploads\/sites\/5\/2022\/09\/word-image-4666-2.png\" srcset=\"data:image\/svg+xml,%3Csvg%20xmlns%3D%27http%3A%2F%2Fwww.w3.org%2F2000%2Fsvg%27%20width%3D%271128%27%20height%3D%27700%27%20viewBox%3D%270%200%201128%20700%27%3E%3Crect%20width%3D%271128%27%20height%3D%27700%27%20fill-opacity%3D%220%22%2F%3E%3C%2Fsvg%3E\" data-srcset=\"https:\/\/victoriacars.com\/de\/wp-content\/uploads\/sites\/5\/2022\/09\/word-image-4666-2-200x124.png 200w, https:\/\/victoriacars.com\/de\/wp-content\/uploads\/sites\/5\/2022\/09\/word-image-4666-2-300x186.png 300w, https:\/\/victoriacars.com\/de\/wp-content\/uploads\/sites\/5\/2022\/09\/word-image-4666-2-400x248.png 400w, https:\/\/victoriacars.com\/de\/wp-content\/uploads\/sites\/5\/2022\/09\/word-image-4666-2-600x372.png 600w, https:\/\/victoriacars.com\/de\/wp-content\/uploads\/sites\/5\/2022\/09\/word-image-4666-2-768x477.png 768w, https:\/\/victoriacars.com\/de\/wp-content\/uploads\/sites\/5\/2022\/09\/word-image-4666-2-800x496.png 800w, https:\/\/victoriacars.com\/de\/wp-content\/uploads\/sites\/5\/2022\/09\/word-image-4666-2-1024x635.png 1024w, https:\/\/victoriacars.com\/de\/wp-content\/uploads\/sites\/5\/2022\/09\/word-image-4666-2.png 1128w\" data-sizes=\"auto\" data-orig-sizes=\"(max-width: 1128px) 100vw, 1128px\" \/><\/p>\n<ul>\n<li><strong>Steigung<\/strong>: 130 Meter.<\/li>\n<li><strong>Schwierigkeitsgrad<\/strong>: Sehr einfach. Geeignet f\u00fcr alle Niveaus.<\/li>\n<li><strong>Entfernung<\/strong>: 5 Kilometer (Hin- und R\u00fcckfahrt).<\/li>\n<li><strong>Ungef\u00e4hre Dauer<\/strong>: 1 1\/2, 2 Stunden, abh\u00e4ngig vom Gehtempo.<\/li>\n<li><strong>Route<\/strong>: Linear (gleicher Weg hin und her).<\/li>\n<\/ul>\n<h2><a id=\"post-4666-_gji03x1d8dp\"><\/a>2. Torre de les Caletes<\/h2>\n<p>Vorbei an der Stadt Benidorm, weit s\u00fcdlich des Naturparks <strong>Serra Gelada<\/strong>, befindet sich die Stra\u00dfe <strong>entlang der K\u00fcste zum Torre de les Caletes<\/strong>, <strong>ideal, um es mit der Familie zu tun<\/strong>, da die Stra\u00dfe asphaltiert ist und auf dem gleichen Weg, sowohl nach au\u00dfen als auch nach hinten, keine M\u00f6glichkeit besteht, sich zu verirren, so dass es ziemlich einfach ist, sie zu vervollst\u00e4ndigen.<\/p>\n<p>Bekannt als &#8220;Punta del Cavall&#8221;, f\u00fchrt uns dieser Weg zum Torre de la Punta de les <strong>Caletes<\/strong>, auch &#8220;<strong>Torre de la Punta del Cavall<\/strong>&#8221; genannt, dessen Name auf eine Mauer zur\u00fcckzuf\u00fchren ist, die im sechzehnten Jahrhundert zur Verteidigung gegen Angriffe in der R\u00f6merzeit verwendet wurde. Auf der anderen Seite, wenn Sie diese Route machen, k\u00f6nnen Sie auch Cala del Ti Ximo und Cala de l&#8217;Almadrava besuchen.<\/p>\n<p><img decoding=\"async\" width=\"1450\" height=\"874\" class=\"lazyload wp-image-4684\" src=\"https:\/\/victoriacars.com\/de\/wp-content\/uploads\/sites\/5\/2022\/09\/word-image-4666-3.png\" data-orig-src=\"https:\/\/victoriacars.com\/de\/wp-content\/uploads\/sites\/5\/2022\/09\/word-image-4666-3.png\" srcset=\"data:image\/svg+xml,%3Csvg%20xmlns%3D%27http%3A%2F%2Fwww.w3.org%2F2000%2Fsvg%27%20width%3D%271450%27%20height%3D%27874%27%20viewBox%3D%270%200%201450%20874%27%3E%3Crect%20width%3D%271450%27%20height%3D%27874%27%20fill-opacity%3D%220%22%2F%3E%3C%2Fsvg%3E\" data-srcset=\"https:\/\/victoriacars.com\/de\/wp-content\/uploads\/sites\/5\/2022\/09\/word-image-4666-3-200x121.png 200w, https:\/\/victoriacars.com\/de\/wp-content\/uploads\/sites\/5\/2022\/09\/word-image-4666-3-300x181.png 300w, https:\/\/victoriacars.com\/de\/wp-content\/uploads\/sites\/5\/2022\/09\/word-image-4666-3-400x241.png 400w, https:\/\/victoriacars.com\/de\/wp-content\/uploads\/sites\/5\/2022\/09\/word-image-4666-3-600x362.png 600w, https:\/\/victoriacars.com\/de\/wp-content\/uploads\/sites\/5\/2022\/09\/word-image-4666-3-768x463.png 768w, https:\/\/victoriacars.com\/de\/wp-content\/uploads\/sites\/5\/2022\/09\/word-image-4666-3-800x482.png 800w, https:\/\/victoriacars.com\/de\/wp-content\/uploads\/sites\/5\/2022\/09\/word-image-4666-3-1024x617.png 1024w, https:\/\/victoriacars.com\/de\/wp-content\/uploads\/sites\/5\/2022\/09\/word-image-4666-3-1200x723.png 1200w, https:\/\/victoriacars.com\/de\/wp-content\/uploads\/sites\/5\/2022\/09\/word-image-4666-3.png 1450w\" data-sizes=\"auto\" data-orig-sizes=\"(max-width: 1450px) 100vw, 1450px\" \/><\/p>\n<ul>\n<li><strong>Steigung<\/strong>: 200 Meter.<\/li>\n<li><strong>Schwierigkeitsgrad<\/strong>: Sehr einfach. Geeignet f\u00fcr alle Niveaus.<\/li>\n<li><strong>Entfernung<\/strong>: 9.21 km (hin und zur\u00fcck).<\/li>\n<li><strong>Ungef\u00e4hre Dauer<\/strong>: 3 bis 4 Stunden unterwegs.<\/li>\n<li><strong>Route<\/strong>: Rundstrecke.<\/li>\n<\/ul>\n<h2><a id=\"post-4666-_kci08z4cqv5h\"><\/a> 3. Torre del Aguil\u00f3<\/h2>\n<p>Um den Weg des <strong>Torre del Aguil\u00f3 (Pfad der K\u00fcste der Vila Joiosa<\/strong>) zu machen, brauchen Sie nicht viel k\u00f6rperliche Verfassung, da es eine einfache Reise ist, und mit Blick auf das Mittelmeer. Dar\u00fcber hinaus ist es die Route, die <strong>zwei alte T\u00fcrme<\/strong>, ein Grab, aus der Zeit der R\u00f6mer, mit einem anderen Wachturm aus dem sechzehnten Jahrhundert verbindet.<\/p>\n<p>Es ist eine der <strong>besten Stra\u00dfen, um als Familie zu reisen<\/strong>, da es eine sehr leichte Steigung hat und f\u00fcr Kinder geeignet ist, obwohl es empfohlen wird, dass sie \u00fcber 6 Jahre alt sind. Auf der anderen Seite, und f\u00fcr die <strong>Abenteuerlustigen, k\u00f6nnen Sie diesen Weg <\/strong> nach Benidorm vom Strand Torres fortsetzen, der an die K\u00fcste grenzt und am Poniente Strand in Benidorm endet.<\/p>\n<p><img decoding=\"async\" width=\"1023\" height=\"566\" class=\"lazyload wp-image-4685\" src=\"https:\/\/victoriacars.com\/de\/wp-content\/uploads\/sites\/5\/2022\/09\/word-image-4666-4.png\" data-orig-src=\"https:\/\/victoriacars.com\/de\/wp-content\/uploads\/sites\/5\/2022\/09\/word-image-4666-4.png\" srcset=\"data:image\/svg+xml,%3Csvg%20xmlns%3D%27http%3A%2F%2Fwww.w3.org%2F2000%2Fsvg%27%20width%3D%271023%27%20height%3D%27566%27%20viewBox%3D%270%200%201023%20566%27%3E%3Crect%20width%3D%271023%27%20height%3D%27566%27%20fill-opacity%3D%220%22%2F%3E%3C%2Fsvg%3E\" data-srcset=\"https:\/\/victoriacars.com\/de\/wp-content\/uploads\/sites\/5\/2022\/09\/word-image-4666-4-200x111.png 200w, https:\/\/victoriacars.com\/de\/wp-content\/uploads\/sites\/5\/2022\/09\/word-image-4666-4-300x166.png 300w, https:\/\/victoriacars.com\/de\/wp-content\/uploads\/sites\/5\/2022\/09\/word-image-4666-4-400x221.png 400w, https:\/\/victoriacars.com\/de\/wp-content\/uploads\/sites\/5\/2022\/09\/word-image-4666-4-600x332.png 600w, https:\/\/victoriacars.com\/de\/wp-content\/uploads\/sites\/5\/2022\/09\/word-image-4666-4-768x425.png 768w, https:\/\/victoriacars.com\/de\/wp-content\/uploads\/sites\/5\/2022\/09\/word-image-4666-4-800x443.png 800w, https:\/\/victoriacars.com\/de\/wp-content\/uploads\/sites\/5\/2022\/09\/word-image-4666-4.png 1023w\" data-sizes=\"auto\" data-orig-sizes=\"(max-width: 1023px) 100vw, 1023px\" \/><\/p>\n<ul>\n<li><strong>Steigung<\/strong>: 150 Meter.<\/li>\n<li>Schwierigkeitsgrad: Leicht. Geeignet f\u00fcr Kinder ab 6 Jahren.<\/li>\n<li><strong>Entfernung<\/strong>: 4,7 km (hin und zur\u00fcck).<\/li>\n<li><strong> Ungef\u00e4hre Dauer<\/strong>: 2 Stunden.<\/li>\n<li><strong>Route<\/strong>: Rundstrecke.<\/li>\n<\/ul>\n<h2><a id=\"post-4666-_qybnmxralxaw\"><\/a> 4. Alt del Governador<\/h2>\n<p>Diese Route ist eine der sch\u00f6nsten zu machen, weil Sie das Gef\u00fchl haben werden, dass sich die ganze M\u00fche (obwohl es nicht viel ist) gelohnt hat. Die Aussicht entlang des Weges, neben dem Mittelmeer, ist atemberaubend. Wenn wir <strong>vom Cruz de Benidorm in Richtung l&#8217;Alt del Governador<\/strong>, auf dem Gipfel der Serra Gelada, abfahren, steigen wir auf <strong>410 Meter \u00fcber dem Meeresspiegel<\/strong> auf.<\/p>\n<p>Oben angekommen, finden Sie neben dem geod\u00e4tischen Scheitelpunkt verschiedene Telekommunikationsantennen. Um zur\u00fcckzukehren, ist die Route asphaltiert, aber sie hat eine <strong>gef\u00e4hrliche Steigung<\/strong>, so dass Sie sehr vorsichtig sein m\u00fcssen. Das Gute ist, dass die <strong>R\u00fcckkehr auf dem gleichen Weg wie die<\/strong> eine Richtung erfolgt.<\/p>\n<p><img decoding=\"async\" width=\"1600\" height=\"1054\" class=\"lazyload wp-image-4686\" src=\"https:\/\/victoriacars.com\/de\/wp-content\/uploads\/sites\/5\/2022\/09\/word-image-4666-5.png\" data-orig-src=\"https:\/\/victoriacars.com\/de\/wp-content\/uploads\/sites\/5\/2022\/09\/word-image-4666-5.png\" srcset=\"data:image\/svg+xml,%3Csvg%20xmlns%3D%27http%3A%2F%2Fwww.w3.org%2F2000%2Fsvg%27%20width%3D%271600%27%20height%3D%271054%27%20viewBox%3D%270%200%201600%201054%27%3E%3Crect%20width%3D%271600%27%20height%3D%271054%27%20fill-opacity%3D%220%22%2F%3E%3C%2Fsvg%3E\" data-srcset=\"https:\/\/victoriacars.com\/de\/wp-content\/uploads\/sites\/5\/2022\/09\/word-image-4666-5-200x132.png 200w, https:\/\/victoriacars.com\/de\/wp-content\/uploads\/sites\/5\/2022\/09\/word-image-4666-5-300x198.png 300w, https:\/\/victoriacars.com\/de\/wp-content\/uploads\/sites\/5\/2022\/09\/word-image-4666-5-400x264.png 400w, https:\/\/victoriacars.com\/de\/wp-content\/uploads\/sites\/5\/2022\/09\/word-image-4666-5-600x395.png 600w, https:\/\/victoriacars.com\/de\/wp-content\/uploads\/sites\/5\/2022\/09\/word-image-4666-5-768x506.png 768w, https:\/\/victoriacars.com\/de\/wp-content\/uploads\/sites\/5\/2022\/09\/word-image-4666-5-800x527.png 800w, https:\/\/victoriacars.com\/de\/wp-content\/uploads\/sites\/5\/2022\/09\/word-image-4666-5-1024x675.png 1024w, https:\/\/victoriacars.com\/de\/wp-content\/uploads\/sites\/5\/2022\/09\/word-image-4666-5-1200x791.png 1200w, https:\/\/victoriacars.com\/de\/wp-content\/uploads\/sites\/5\/2022\/09\/word-image-4666-5-1536x1012.png 1536w, https:\/\/victoriacars.com\/de\/wp-content\/uploads\/sites\/5\/2022\/09\/word-image-4666-5.png 1600w\" data-sizes=\"auto\" data-orig-sizes=\"(max-width: 1600px) 100vw, 1600px\" \/><\/p>\n<ul>\n<li><strong>Steigung<\/strong>: 699 Meter.<\/li>\n<li><strong>Schwierigkeitsgrad<\/strong>: Mittel\/Hoch.<\/li>\n<li><strong>Entfernung<\/strong>: 9.7 km (Hin- und R\u00fcckfahrt).<\/li>\n<li><strong>Ungef\u00e4hre Dauer<\/strong>: 3 Stunden.<\/li>\n<li><strong>Route<\/strong>: Rundstrecke.<\/li>\n<\/ul>\n<h2><a id=\"post-4666-_pqa3yxcho0kv\"><\/a>5. Sierra Cortina<\/h2>\n<p>Eine der am besten zug\u00e4nglichen Routen zum Wandern in Benidorm ist die Sierra Cortina, da sie <strong>sehr einfach zu absolvieren<\/strong> ist und ideal f\u00fcr Familien und Kinder ist. <strong> Der Ausweg ist derselbe wie die R\u00fcckkehr<\/strong>, so dass es fast unm\u00f6glich ist, sich zu verirren. An klaren Tagen haben Sie eine breite und privilegierte Sicht auf das Mittelmeer.<\/p>\n<p>Diese Seite ist perfekt f\u00fcr diejenigen, die<strong> mit einem Gleitschirm von oben springen<\/strong> m\u00f6chten, so dass Sie sicherlich auf jemanden sto\u00dfen werden, der diese Aktivit\u00e4t ausf\u00fchrt. Am letzten Punkt der Reise k\u00f6nnen Sie nach unten schauen und den <strong>Terra Mitica Park<\/strong> betrachten, der von Benidorm umgeben ist. W\u00e4hrend Sie jederzeit zum Ausgangspunkt zur\u00fcckkehren k\u00f6nnen, besteht der Trail insgesamt aus rund 7 Kilometern.<\/p>\n<p><img decoding=\"async\" width=\"1600\" height=\"1200\" class=\"lazyload wp-image-4687\" src=\"https:\/\/victoriacars.com\/de\/wp-content\/uploads\/sites\/5\/2022\/09\/word-image-4666-6.png\" data-orig-src=\"https:\/\/victoriacars.com\/de\/wp-content\/uploads\/sites\/5\/2022\/09\/word-image-4666-6.png\" srcset=\"data:image\/svg+xml,%3Csvg%20xmlns%3D%27http%3A%2F%2Fwww.w3.org%2F2000%2Fsvg%27%20width%3D%271600%27%20height%3D%271200%27%20viewBox%3D%270%200%201600%201200%27%3E%3Crect%20width%3D%271600%27%20height%3D%271200%27%20fill-opacity%3D%220%22%2F%3E%3C%2Fsvg%3E\" data-srcset=\"https:\/\/victoriacars.com\/de\/wp-content\/uploads\/sites\/5\/2022\/09\/word-image-4666-6-200x150.png 200w, https:\/\/victoriacars.com\/de\/wp-content\/uploads\/sites\/5\/2022\/09\/word-image-4666-6-300x225.png 300w, https:\/\/victoriacars.com\/de\/wp-content\/uploads\/sites\/5\/2022\/09\/word-image-4666-6-400x300.png 400w, https:\/\/victoriacars.com\/de\/wp-content\/uploads\/sites\/5\/2022\/09\/word-image-4666-6-600x450.png 600w, https:\/\/victoriacars.com\/de\/wp-content\/uploads\/sites\/5\/2022\/09\/word-image-4666-6-768x576.png 768w, https:\/\/victoriacars.com\/de\/wp-content\/uploads\/sites\/5\/2022\/09\/word-image-4666-6-800x600.png 800w, https:\/\/victoriacars.com\/de\/wp-content\/uploads\/sites\/5\/2022\/09\/word-image-4666-6-1024x768.png 1024w, https:\/\/victoriacars.com\/de\/wp-content\/uploads\/sites\/5\/2022\/09\/word-image-4666-6-1200x900.png 1200w, https:\/\/victoriacars.com\/de\/wp-content\/uploads\/sites\/5\/2022\/09\/word-image-4666-6-1536x1152.png 1536w, https:\/\/victoriacars.com\/de\/wp-content\/uploads\/sites\/5\/2022\/09\/word-image-4666-6.png 1600w\" data-sizes=\"auto\" data-orig-sizes=\"(max-width: 1600px) 100vw, 1600px\" \/><\/p>\n<ul>\n<li><strong>Steigung<\/strong>: 284 Meter.<\/li>\n<li>Schwierigkeitsgrad: Leicht.<\/li>\n<li><strong>Entfernung<\/strong>: 7,5 Kilometer (Hin- und R\u00fcckfahrt).<\/li>\n<li><strong>Ungef\u00e4hre Dauer<\/strong>: 3 Stunden.<\/li>\n<li><strong>Route<\/strong>: Rundstrecke.<\/li>\n<\/ul>\n<h2><a id=\"post-4666-_e546u8al7sf7\"><\/a>6. Das Kreuz von Benidorm<\/h2>\n<p>Es besteht kein Zweifel, dass es einer der belebtesten Orte f\u00fcr Wanderer und Touristen ist, die die Gegend kennenlernen m\u00f6chten. <strong>La Cruz de Benidorm befindet sich im<\/strong> Naturpark <strong> Serra Gelada<\/strong> und ist einer der besten und exklusivsten Aussichtspunkte, von wo aus Sie die Unermesslichkeit der Stadt betrachten k\u00f6nnen.<\/p>\n<p>Das Kreuz von Benidorm wurde 1960 gebaut, die Zeit in der Stadt begann bekannt zu werden und beherbergte mehrere neugierige Touristen, die neue Sehensw\u00fcrdigkeiten in Spanien kennenlernen wollten. Um den Cruz de Benidorm zu besteigen, <strong> beginnen Sie die Route vom Rinc\u00f3n de Loix<\/strong> aus und da es sich um eine zementierte Route handelt, <strong>k\u00f6nnen Sie mit Fahrzeugen klettern.<\/strong><\/p>\n<p><img decoding=\"async\" width=\"1024\" height=\"576\" class=\"lazyload wp-image-4689\" src=\"https:\/\/victoriacars.com\/de\/wp-content\/uploads\/sites\/5\/2022\/09\/word-image-4666-7.png\" data-orig-src=\"https:\/\/victoriacars.com\/de\/wp-content\/uploads\/sites\/5\/2022\/09\/word-image-4666-7.png\" srcset=\"data:image\/svg+xml,%3Csvg%20xmlns%3D%27http%3A%2F%2Fwww.w3.org%2F2000%2Fsvg%27%20width%3D%271024%27%20height%3D%27576%27%20viewBox%3D%270%200%201024%20576%27%3E%3Crect%20width%3D%271024%27%20height%3D%27576%27%20fill-opacity%3D%220%22%2F%3E%3C%2Fsvg%3E\" data-srcset=\"https:\/\/victoriacars.com\/de\/wp-content\/uploads\/sites\/5\/2022\/09\/word-image-4666-7-200x113.png 200w, https:\/\/victoriacars.com\/de\/wp-content\/uploads\/sites\/5\/2022\/09\/word-image-4666-7-300x169.png 300w, https:\/\/victoriacars.com\/de\/wp-content\/uploads\/sites\/5\/2022\/09\/word-image-4666-7-400x225.png 400w, https:\/\/victoriacars.com\/de\/wp-content\/uploads\/sites\/5\/2022\/09\/word-image-4666-7-600x338.png 600w, https:\/\/victoriacars.com\/de\/wp-content\/uploads\/sites\/5\/2022\/09\/word-image-4666-7-768x432.png 768w, https:\/\/victoriacars.com\/de\/wp-content\/uploads\/sites\/5\/2022\/09\/word-image-4666-7-800x450.png 800w, https:\/\/victoriacars.com\/de\/wp-content\/uploads\/sites\/5\/2022\/09\/word-image-4666-7.png 1024w\" data-sizes=\"auto\" data-orig-sizes=\"(max-width: 1024px) 100vw, 1024px\" \/><\/p>\n<ul>\n<li><strong>H\u00f6he<\/strong>: 227 Meter.<\/li>\n<li>Schwierigkeitsgrad: Leicht.<\/li>\n<li><strong>Entfernung<\/strong>: 5 Kilometer (Hin- und R\u00fcckfahrt).<\/li>\n<li><strong>Ungef\u00e4hre Dauer<\/strong>: 1 1\/2 Stunde.<\/li>\n<li><strong>Route<\/strong>: Rundweg (Hin- und R\u00fcckfahrt auf derselben Stra\u00dfe).<\/li>\n<\/ul>\n<p><img decoding=\"async\" class=\"lazyload aligncenter wp-image-4612 size-fusion-800\" src=\"https:\/\/victoriacars.com\/de\/wp-content\/uploads\/sites\/5\/2022\/06\/word-image-4605-7-800x533.png\" data-orig-src=\"https:\/\/victoriacars.com\/de\/wp-content\/uploads\/sites\/5\/2022\/06\/word-image-4605-7-800x533.png\" alt=\"\" width=\"800\" height=\"533\" srcset=\"data:image\/svg+xml,%3Csvg%20xmlns%3D%27http%3A%2F%2Fwww.w3.org%2F2000%2Fsvg%27%20width%3D%27800%27%20height%3D%27533%27%20viewBox%3D%270%200%20800%20533%27%3E%3Crect%20width%3D%27800%27%20height%3D%27533%27%20fill-opacity%3D%220%22%2F%3E%3C%2Fsvg%3E\" data-srcset=\"https:\/\/victoriacars.com\/de\/wp-content\/uploads\/sites\/5\/2022\/06\/word-image-4605-7-200x133.png 200w, https:\/\/victoriacars.com\/de\/wp-content\/uploads\/sites\/5\/2022\/06\/word-image-4605-7-300x200.png 300w, https:\/\/victoriacars.com\/de\/wp-content\/uploads\/sites\/5\/2022\/06\/word-image-4605-7-400x267.png 400w, https:\/\/victoriacars.com\/de\/wp-content\/uploads\/sites\/5\/2022\/06\/word-image-4605-7-600x400.png 600w, https:\/\/victoriacars.com\/de\/wp-content\/uploads\/sites\/5\/2022\/06\/word-image-4605-7-768x512.png 768w, https:\/\/victoriacars.com\/de\/wp-content\/uploads\/sites\/5\/2022\/06\/word-image-4605-7-800x533.png 800w, https:\/\/victoriacars.com\/de\/wp-content\/uploads\/sites\/5\/2022\/06\/word-image-4605-7-1024x683.png 1024w, https:\/\/victoriacars.com\/de\/wp-content\/uploads\/sites\/5\/2022\/06\/word-image-4605-7.png 1200w\" data-sizes=\"auto\" data-orig-sizes=\"(max-width: 800px) 100vw, 800px\" \/><\/p>\n<blockquote><p>Dar\u00fcber hinaus k\u00f6nnen Sie verschiedene monumentale Geb\u00e4ude besuchen, wie die Llotja, den Palast der Torres-Ordu\u00f1a oder das Kloster der Franziskanerpatres. Benissa liegt n\u00f6rdlich der Costa Blanca und ist ideal f\u00fcr einen erholsamen Urlaub, dank der Ruhe, die seine Str\u00e4nde und seine Oase mit kristallklarem Wasser bieten.<\/p><\/blockquote>\n<p><a href=\"https:\/\/victoriacars.com\/de\/flotte\/#formulario_reserva\"><img decoding=\"async\" class=\"lazyload size-fusion-800 wp-image-3931 aligncenter\" src=\"https:\/\/victoriacars.com\/de\/wp-content\/uploads\/sites\/5\/2020\/10\/aleman-800x306.jpg\" data-orig-src=\"https:\/\/victoriacars.com\/de\/wp-content\/uploads\/sites\/5\/2020\/10\/aleman-800x306.jpg\" alt=\"Hier Buchen\" width=\"800\" height=\"306\" srcset=\"data:image\/svg+xml,%3Csvg%20xmlns%3D%27http%3A%2F%2Fwww.w3.org%2F2000%2Fsvg%27%20width%3D%27800%27%20height%3D%27306%27%20viewBox%3D%270%200%20800%20306%27%3E%3Crect%20width%3D%27800%27%20height%3D%27306%27%20fill-opacity%3D%220%22%2F%3E%3C%2Fsvg%3E\" data-srcset=\"https:\/\/victoriacars.com\/de\/wp-content\/uploads\/sites\/5\/2020\/10\/aleman-200x77.jpg 200w, https:\/\/victoriacars.com\/de\/wp-content\/uploads\/sites\/5\/2020\/10\/aleman-300x115.jpg 300w, https:\/\/victoriacars.com\/de\/wp-content\/uploads\/sites\/5\/2020\/10\/aleman-400x153.jpg 400w, https:\/\/victoriacars.com\/de\/wp-content\/uploads\/sites\/5\/2020\/10\/aleman-600x230.jpg 600w, https:\/\/victoriacars.com\/de\/wp-content\/uploads\/sites\/5\/2020\/10\/aleman-768x294.jpg 768w, https:\/\/victoriacars.com\/de\/wp-content\/uploads\/sites\/5\/2020\/10\/aleman-800x306.jpg 800w, https:\/\/victoriacars.com\/de\/wp-content\/uploads\/sites\/5\/2020\/10\/aleman-1024x392.jpg 1024w, https:\/\/victoriacars.com\/de\/wp-content\/uploads\/sites\/5\/2020\/10\/aleman.jpg 1200w\" data-sizes=\"auto\" data-orig-sizes=\"(max-width: 800px) 100vw, 800px\" \/><\/a><\/p>\n","protected":false},"excerpt":{"rendered":"<p>Eine der Outdoor-Aktivit\u00e4ten, die heute mehr Sportler aus\u00fcben, ist das Wandern, und wo k\u00f6nnte man es besser tun als in den imposanten Bergen von Alicante, einer der Provinzen mit dem h\u00f6chsten touristischen Niveau dank seiner Gipfel mit unterschiedlichen Schwierigkeitsgraden. Wenn Sie ein Wanderliebhaber sind, k\u00f6nnen Sie diesen Artikel nicht verpassen, in dem wir Ihnen die<\/p>\n","protected":false},"author":2,"featured_media":4674,"comment_status":"closed","ping_status":"closed","sticky":false,"template":"","format":"standard","meta":{"footnotes":""},"categories":[99],"tags":[],"class_list":["post-4666","post","type-post","status-publish","format-standard","has-post-thumbnail","hentry","category-explore"],"_links":{"self":[{"href":"https:\/\/victoriacars.com\/de\/wp-json\/wp\/v2\/posts\/4666","targetHints":{"allow":["GET"]}}],"collection":[{"href":"https:\/\/victoriacars.com\/de\/wp-json\/wp\/v2\/posts"}],"about":[{"href":"https:\/\/victoriacars.com\/de\/wp-json\/wp\/v2\/types\/post"}],"author":[{"embeddable":true,"href":"https:\/\/victoriacars.com\/de\/wp-json\/wp\/v2\/users\/2"}],"replies":[{"embeddable":true,"href":"https:\/\/victoriacars.com\/de\/wp-json\/wp\/v2\/comments?post=4666"}],"version-history":[{"count":3,"href":"https:\/\/victoriacars.com\/de\/wp-json\/wp\/v2\/posts\/4666\/revisions"}],"predecessor-version":[{"id":4692,"href":"https:\/\/victoriacars.com\/de\/wp-json\/wp\/v2\/posts\/4666\/revisions\/4692"}],"wp:featuredmedia":[{"embeddable":true,"href":"https:\/\/victoriacars.com\/de\/wp-json\/wp\/v2\/media\/4674"}],"wp:attachment":[{"href":"https:\/\/victoriacars.com\/de\/wp-json\/wp\/v2\/media?parent=4666"}],"wp:term":[{"taxonomy":"category","embeddable":true,"href":"https:\/\/victoriacars.com\/de\/wp-json\/wp\/v2\/categories?post=4666"},{"taxonomy":"post_tag","embeddable":true,"href":"https:\/\/victoriacars.com\/de\/wp-json\/wp\/v2\/tags?post=4666"}],"curies":[{"name":"wp","href":"https:\/\/api.w.org\/{rel}","templated":true}]}}