{"id":4429,"date":"2021-10-28T06:46:01","date_gmt":"2021-10-28T06:46:01","guid":{"rendered":"https:\/\/victoriacars.com\/de\/?p=4429"},"modified":"2021-10-28T06:57:21","modified_gmt":"2021-10-28T06:57:21","slug":"die-7-besten-strande-in-valencia","status":"publish","type":"post","link":"https:\/\/victoriacars.com\/de\/blog\/die-7-besten-strande-in-valencia\/","title":{"rendered":"Die 7 besten Str\u00e4nde in Valencia"},"content":{"rendered":"<p>Bei Victoria Cars, und das sagen wir aus eigener Erfahrung, wissen wir, wie entspannend ein Tag am Strand sein kann. Diese Meeresbrise, die auf Ihren R\u00fccken kracht, w\u00e4hrend Sie Ihren Geist leer lassen und dem Rauschen der Wellen lauschen.<\/p>\n<p>Deshalb, weil wir wollen, dass Sie nicht nur einen Tag am Strand genie\u00dfen, sondern dass Sie es im Besten tun, werden wir Ihnen eine virtuelle Reise zu den Str\u00e4nden von Valencia bringen, die Sie vielleicht nicht kennen und an denen es sich lohnt, einen Tag zu verbringen &#8230; oder mehr als eine.<\/p>\n<h2>Malvarrosa Strand<\/h2>\n<p>Wir wissen bereits, dass es ein Klassiker ist, aber wir m\u00fcssen nicht aufh\u00f6ren, dar\u00fcber zu sprechen. Dieser Strand befindet sich im n\u00f6rdlichsten Bereich des Hafens von Valencia und zeichnet sich durch seine Ger\u00e4umigkeit und einen hochwertigen Sand aus.<\/p>\n<p>Mit einer L\u00e4nge von ca. 1.800 Metern begeistert uns dieser Strand gleichzeitig tagt\u00e4glich mit einem gro\u00dfartigen Touristen- und Freizeitangebot. Ideal, um morgens anzukommen und es nicht zu verlassen, bis die Sonne untergeht.<\/p>\n<p><img decoding=\"async\" class=\"lazyload aligncenter wp-image-4422 size-fusion-600\" src=\"https:\/\/victoriacars.com\/de\/wp-content\/uploads\/sites\/5\/2021\/10\/playa-malvarrosa-600x401.jpg\" data-orig-src=\"https:\/\/victoriacars.com\/de\/wp-content\/uploads\/sites\/5\/2021\/10\/playa-malvarrosa-600x401.jpg\" alt=\"\" width=\"600\" height=\"401\" srcset=\"data:image\/svg+xml,%3Csvg%20xmlns%3D%27http%3A%2F%2Fwww.w3.org%2F2000%2Fsvg%27%20width%3D%27600%27%20height%3D%27401%27%20viewBox%3D%270%200%20600%20401%27%3E%3Crect%20width%3D%27600%27%20height%3D%27401%27%20fill-opacity%3D%220%22%2F%3E%3C%2Fsvg%3E\" data-srcset=\"https:\/\/victoriacars.com\/de\/wp-content\/uploads\/sites\/5\/2021\/10\/playa-malvarrosa-200x134.jpg 200w, https:\/\/victoriacars.com\/de\/wp-content\/uploads\/sites\/5\/2021\/10\/playa-malvarrosa-300x200.jpg 300w, https:\/\/victoriacars.com\/de\/wp-content\/uploads\/sites\/5\/2021\/10\/playa-malvarrosa-400x267.jpg 400w, https:\/\/victoriacars.com\/de\/wp-content\/uploads\/sites\/5\/2021\/10\/playa-malvarrosa-600x401.jpg 600w, https:\/\/victoriacars.com\/de\/wp-content\/uploads\/sites\/5\/2021\/10\/playa-malvarrosa-768x513.jpg 768w, https:\/\/victoriacars.com\/de\/wp-content\/uploads\/sites\/5\/2021\/10\/playa-malvarrosa-800x534.jpg 800w, https:\/\/victoriacars.com\/de\/wp-content\/uploads\/sites\/5\/2021\/10\/playa-malvarrosa.jpg 1024w\" data-sizes=\"auto\" data-orig-sizes=\"(max-width: 600px) 100vw, 600px\" \/><\/p>\n<h2>El Caba\u00f1al Strand \u2013 Las Arenas<\/h2>\n<p>Ebenfalls ganz in der N\u00e4he des Hafens finden wir den Strand El Caba\u00f1al. Auch bekannt als Las Arenas muss gesagt werden, dass es einer der Str\u00e4nde par excellence ist, die wir in der Provinz Valencia finden k\u00f6nnen.<\/p>\n<p>Es ist ein perfekter Strand f\u00fcr Familien, da es sehr ruhiges Wasser hat. Nt man dazu noch die Tatsache, dass er 60 Meter breit und etwa 1.200 Meter lang ist, kann man kaum mehr davon verlangen.<\/p>\n<p>Nun, eigentlich etwas anderes. Und es ist, dass die Kollegen von Victoria Cars das gro\u00dfartige Hotelangebot genie\u00dfen konnten, das an diesem wundersch\u00f6nen Strand liegt.<\/p>\n<p><img decoding=\"async\" class=\"lazyload aligncenter wp-image-4420 size-fusion-600\" src=\"https:\/\/victoriacars.com\/de\/wp-content\/uploads\/sites\/5\/2021\/10\/playa-el-cabanal-las-arenas-600x401.jpg\" data-orig-src=\"https:\/\/victoriacars.com\/de\/wp-content\/uploads\/sites\/5\/2021\/10\/playa-el-cabanal-las-arenas-600x401.jpg\" alt=\"\" width=\"600\" height=\"401\" srcset=\"data:image\/svg+xml,%3Csvg%20xmlns%3D%27http%3A%2F%2Fwww.w3.org%2F2000%2Fsvg%27%20width%3D%27600%27%20height%3D%27401%27%20viewBox%3D%270%200%20600%20401%27%3E%3Crect%20width%3D%27600%27%20height%3D%27401%27%20fill-opacity%3D%220%22%2F%3E%3C%2Fsvg%3E\" data-srcset=\"https:\/\/victoriacars.com\/de\/wp-content\/uploads\/sites\/5\/2021\/10\/playa-el-cabanal-las-arenas-200x134.jpg 200w, https:\/\/victoriacars.com\/de\/wp-content\/uploads\/sites\/5\/2021\/10\/playa-el-cabanal-las-arenas-300x200.jpg 300w, https:\/\/victoriacars.com\/de\/wp-content\/uploads\/sites\/5\/2021\/10\/playa-el-cabanal-las-arenas-400x267.jpg 400w, https:\/\/victoriacars.com\/de\/wp-content\/uploads\/sites\/5\/2021\/10\/playa-el-cabanal-las-arenas-600x401.jpg 600w, https:\/\/victoriacars.com\/de\/wp-content\/uploads\/sites\/5\/2021\/10\/playa-el-cabanal-las-arenas-768x513.jpg 768w, https:\/\/victoriacars.com\/de\/wp-content\/uploads\/sites\/5\/2021\/10\/playa-el-cabanal-las-arenas.jpg 800w\" data-sizes=\"auto\" data-orig-sizes=\"(max-width: 600px) 100vw, 600px\" \/><\/p>\n<h2>Pinedo Strand<\/h2>\n<p>Verankert im s\u00fcdlichen Bereich des Yachtclubs von Valencia ist dies ein weiterer valencianischer Strand, der die unverwechselbare blaue Flagge hat. Mit einem sehr feinen Sand und einer L\u00e4nge von etwa 2.700 Metern L\u00e4nge ist er einer der Str\u00e4nde mit dem ruhigsten Wasser in der gesamten Provinz.<\/p>\n<p>Zu all dem m\u00fcssen wir eine Umgebung hinzuf\u00fcgen, in der die D\u00fcnen und die einheimische Vegetation des Ortes vorherrschen. Und das alles mit dem zus\u00e4tzlichen Vorteil, dass es sehr nah an der Innenstadt liegt.<\/p>\n<p><img decoding=\"async\" class=\"lazyload aligncenter wp-image-4418 size-fusion-600\" src=\"https:\/\/victoriacars.com\/de\/wp-content\/uploads\/sites\/5\/2021\/10\/playa-de-pinedo-600x337.jpg\" data-orig-src=\"https:\/\/victoriacars.com\/de\/wp-content\/uploads\/sites\/5\/2021\/10\/playa-de-pinedo-600x337.jpg\" alt=\"\" width=\"600\" height=\"337\" srcset=\"data:image\/svg+xml,%3Csvg%20xmlns%3D%27http%3A%2F%2Fwww.w3.org%2F2000%2Fsvg%27%20width%3D%27600%27%20height%3D%27337%27%20viewBox%3D%270%200%20600%20337%27%3E%3Crect%20width%3D%27600%27%20height%3D%27337%27%20fill-opacity%3D%220%22%2F%3E%3C%2Fsvg%3E\" data-srcset=\"https:\/\/victoriacars.com\/de\/wp-content\/uploads\/sites\/5\/2021\/10\/playa-de-pinedo-200x112.jpg 200w, https:\/\/victoriacars.com\/de\/wp-content\/uploads\/sites\/5\/2021\/10\/playa-de-pinedo-300x169.jpg 300w, https:\/\/victoriacars.com\/de\/wp-content\/uploads\/sites\/5\/2021\/10\/playa-de-pinedo-400x225.jpg 400w, https:\/\/victoriacars.com\/de\/wp-content\/uploads\/sites\/5\/2021\/10\/playa-de-pinedo-600x337.jpg 600w, https:\/\/victoriacars.com\/de\/wp-content\/uploads\/sites\/5\/2021\/10\/playa-de-pinedo-768x432.jpg 768w, https:\/\/victoriacars.com\/de\/wp-content\/uploads\/sites\/5\/2021\/10\/playa-de-pinedo-800x450.jpg 800w, https:\/\/victoriacars.com\/de\/wp-content\/uploads\/sites\/5\/2021\/10\/playa-de-pinedo-1024x576.jpg 1024w, https:\/\/victoriacars.com\/de\/wp-content\/uploads\/sites\/5\/2021\/10\/playa-de-pinedo.jpg 1190w\" data-sizes=\"auto\" data-orig-sizes=\"(max-width: 600px) 100vw, 600px\" \/><\/p>\n<h2>L \u0301arbre del Gos Strand<\/h2>\n<p>Wenn wir den Strand von Pinedo schon einmal hervorgehoben haben, liegt er etwas weiter s\u00fcdlich. Den Eigenschaften der Str\u00e4nde von Valencia folgend, finden wir in diesem Fall eine Sandfl\u00e4che von etwa 2.600 Metern L\u00e4nge.<\/p>\n<p>Mit einer speziell f\u00fcr Fahrr\u00e4der eingerichteten Gasse, mit der blauen Flagge in ihrer ganzen Pracht und mit dem Naturpark Albufera in der N\u00e4he, k\u00f6nnen wir sagen, dass es einer dieser Str\u00e4nde ist, die Sie ohne Entschuldigung besuchen m\u00fcssen.<\/p>\n<p><img decoding=\"async\" class=\"lazyload aligncenter wp-image-4421 size-fusion-600\" src=\"https:\/\/victoriacars.com\/de\/wp-content\/uploads\/sites\/5\/2021\/10\/playa-larbre-del-gos-600x450.jpg\" data-orig-src=\"https:\/\/victoriacars.com\/de\/wp-content\/uploads\/sites\/5\/2021\/10\/playa-larbre-del-gos-600x450.jpg\" alt=\"\" width=\"600\" height=\"450\" srcset=\"data:image\/svg+xml,%3Csvg%20xmlns%3D%27http%3A%2F%2Fwww.w3.org%2F2000%2Fsvg%27%20width%3D%27600%27%20height%3D%27450%27%20viewBox%3D%270%200%20600%20450%27%3E%3Crect%20width%3D%27600%27%20height%3D%27450%27%20fill-opacity%3D%220%22%2F%3E%3C%2Fsvg%3E\" data-srcset=\"https:\/\/victoriacars.com\/de\/wp-content\/uploads\/sites\/5\/2021\/10\/playa-larbre-del-gos-200x150.jpg 200w, https:\/\/victoriacars.com\/de\/wp-content\/uploads\/sites\/5\/2021\/10\/playa-larbre-del-gos-300x225.jpg 300w, https:\/\/victoriacars.com\/de\/wp-content\/uploads\/sites\/5\/2021\/10\/playa-larbre-del-gos-400x300.jpg 400w, https:\/\/victoriacars.com\/de\/wp-content\/uploads\/sites\/5\/2021\/10\/playa-larbre-del-gos-600x450.jpg 600w, https:\/\/victoriacars.com\/de\/wp-content\/uploads\/sites\/5\/2021\/10\/playa-larbre-del-gos-768x576.jpg 768w, https:\/\/victoriacars.com\/de\/wp-content\/uploads\/sites\/5\/2021\/10\/playa-larbre-del-gos-800x600.jpg 800w, https:\/\/victoriacars.com\/de\/wp-content\/uploads\/sites\/5\/2021\/10\/playa-larbre-del-gos-1024x768.jpg 1024w, https:\/\/victoriacars.com\/de\/wp-content\/uploads\/sites\/5\/2021\/10\/playa-larbre-del-gos-1200x900.jpg 1200w, https:\/\/victoriacars.com\/de\/wp-content\/uploads\/sites\/5\/2021\/10\/playa-larbre-del-gos.jpg 1280w\" data-sizes=\"auto\" data-orig-sizes=\"(max-width: 600px) 100vw, 600px\" \/><\/p>\n<h2>El Saler Strand<\/h2>\n<p>\u00dcbertrifft die Rekorde, die wir bisher gesehen haben, finden wir am Strand von El Saler eine Ausdehnung von etwa 5 Kilometern. Ein Geschenk f\u00fcr die Aussicht, da wir entlang dieser in fast v\u00f6lliger Ruhe goldenen Sand und Wasser finden.<\/p>\n<p>Nat\u00fcrlich k\u00f6nnen Sie immer eine andere Ecke in seinen Gew\u00e4ssern finden, wenn Sie ein Surfliebhaber sind, da es bestimmte Str\u00f6mungen gibt, die die Aus\u00fcbung dieses Sports zu einem echten Vergn\u00fcgen machen.<\/p>\n<p>Bei einer durchschnittlichen Belegung auch in der Hochsaison k\u00f6nnen Sie auch alle Arten von Dienstleistungen anbieten, so dass es Ihnen an keinen Details mangelt.<\/p>\n<p><img decoding=\"async\" class=\"lazyload aligncenter wp-image-4419 size-fusion-600\" src=\"https:\/\/victoriacars.com\/de\/wp-content\/uploads\/sites\/5\/2021\/10\/playa-del-saler-600x400.jpg\" data-orig-src=\"https:\/\/victoriacars.com\/de\/wp-content\/uploads\/sites\/5\/2021\/10\/playa-del-saler-600x400.jpg\" alt=\"\" width=\"600\" height=\"400\" srcset=\"data:image\/svg+xml,%3Csvg%20xmlns%3D%27http%3A%2F%2Fwww.w3.org%2F2000%2Fsvg%27%20width%3D%27600%27%20height%3D%27400%27%20viewBox%3D%270%200%20600%20400%27%3E%3Crect%20width%3D%27600%27%20height%3D%27400%27%20fill-opacity%3D%220%22%2F%3E%3C%2Fsvg%3E\" data-srcset=\"https:\/\/victoriacars.com\/de\/wp-content\/uploads\/sites\/5\/2021\/10\/playa-del-saler-200x133.jpg 200w, https:\/\/victoriacars.com\/de\/wp-content\/uploads\/sites\/5\/2021\/10\/playa-del-saler-300x200.jpg 300w, https:\/\/victoriacars.com\/de\/wp-content\/uploads\/sites\/5\/2021\/10\/playa-del-saler-400x267.jpg 400w, https:\/\/victoriacars.com\/de\/wp-content\/uploads\/sites\/5\/2021\/10\/playa-del-saler-600x400.jpg 600w, https:\/\/victoriacars.com\/de\/wp-content\/uploads\/sites\/5\/2021\/10\/playa-del-saler-768x512.jpg 768w, https:\/\/victoriacars.com\/de\/wp-content\/uploads\/sites\/5\/2021\/10\/playa-del-saler-800x534.jpg 800w, https:\/\/victoriacars.com\/de\/wp-content\/uploads\/sites\/5\/2021\/10\/playa-del-saler.jpg 1000w\" data-sizes=\"auto\" data-orig-sizes=\"(max-width: 600px) 100vw, 600px\" \/><\/p>\n<h2>La Garrofera Strand<\/h2>\n<p>Mitten im Naturpark Albufera befindet sich der Strand La Garrofera. Ein Strand, der sich dadurch auszeichnet, dass er zu einer gro\u00dfen Anzahl von D\u00fcnen geh\u00f6rt, die Touristen begeistern.<\/p>\n<p>Zu all dem m\u00fcssen wir hinzuf\u00fcgen, dass sie einen Bereich haben, der speziell f\u00fcr diejenigen Menschen reserviert ist, die FKK praktizieren wollen. Mit einer Ausdehnung von etwa 1.500 Metern und einer Amplitude von etwa 40 Metern sprechen wir von einem Strand, der \u00fcber allen Komfort verf\u00fcgt, den wir uns vorstellen k\u00f6nnen.<\/p>\n<p><img decoding=\"async\" class=\"lazyload aligncenter wp-image-4417 size-fusion-600\" src=\"https:\/\/victoriacars.com\/de\/wp-content\/uploads\/sites\/5\/2021\/10\/playa-de-la-garrofera-600x370.jpg\" data-orig-src=\"https:\/\/victoriacars.com\/de\/wp-content\/uploads\/sites\/5\/2021\/10\/playa-de-la-garrofera-600x370.jpg\" alt=\"\" width=\"600\" height=\"370\" srcset=\"data:image\/svg+xml,%3Csvg%20xmlns%3D%27http%3A%2F%2Fwww.w3.org%2F2000%2Fsvg%27%20width%3D%27600%27%20height%3D%27370%27%20viewBox%3D%270%200%20600%20370%27%3E%3Crect%20width%3D%27600%27%20height%3D%27370%27%20fill-opacity%3D%220%22%2F%3E%3C%2Fsvg%3E\" data-srcset=\"https:\/\/victoriacars.com\/de\/wp-content\/uploads\/sites\/5\/2021\/10\/playa-de-la-garrofera-200x123.jpg 200w, https:\/\/victoriacars.com\/de\/wp-content\/uploads\/sites\/5\/2021\/10\/playa-de-la-garrofera-300x185.jpg 300w, https:\/\/victoriacars.com\/de\/wp-content\/uploads\/sites\/5\/2021\/10\/playa-de-la-garrofera-400x247.jpg 400w, https:\/\/victoriacars.com\/de\/wp-content\/uploads\/sites\/5\/2021\/10\/playa-de-la-garrofera-600x370.jpg 600w, https:\/\/victoriacars.com\/de\/wp-content\/uploads\/sites\/5\/2021\/10\/playa-de-la-garrofera-768x474.jpg 768w, https:\/\/victoriacars.com\/de\/wp-content\/uploads\/sites\/5\/2021\/10\/playa-de-la-garrofera-800x494.jpg 800w, https:\/\/victoriacars.com\/de\/wp-content\/uploads\/sites\/5\/2021\/10\/playa-de-la-garrofera-1024x632.jpg 1024w, https:\/\/victoriacars.com\/de\/wp-content\/uploads\/sites\/5\/2021\/10\/playa-de-la-garrofera-1200x740.jpg 1200w, https:\/\/victoriacars.com\/de\/wp-content\/uploads\/sites\/5\/2021\/10\/playa-de-la-garrofera.jpg 1248w\" data-sizes=\"auto\" data-orig-sizes=\"(max-width: 600px) 100vw, 600px\" \/><\/p>\n<h2>La Devesa Strand<\/h2>\n<p>Wir werden unsere Bewertung der besten Str\u00e4nde in Valencia mit dem Strand La Devesa beenden. Ein Strand, an dem wir in vollem Kontakt mit der wildesten Natur in ganz Valencia sein k\u00f6nnen.<\/p>\n<p>In der N\u00e4he des Naturparks Albufera k\u00f6nnen wir die Flora und Fauna genie\u00dfen. Mit allen m\u00f6glichen Annehmlichkeiten und mit einer Arena, die wir nur als au\u00dfergew\u00f6hnlich qualifizieren k\u00f6nnen, k\u00f6nnen nur wenige Menschen der fast 5.000 Meter l\u00e4ngen Ausdehnung von La Devesa widerstehen.<\/p>\n<p><img decoding=\"async\" class=\"lazyload  wp-image-4416 aligncenter\" src=\"https:\/\/victoriacars.com\/de\/wp-content\/uploads\/sites\/5\/2021\/10\/playa-de-la-devesa.jpg\" data-orig-src=\"https:\/\/victoriacars.com\/de\/wp-content\/uploads\/sites\/5\/2021\/10\/playa-de-la-devesa.jpg\" alt=\"\" width=\"703\" height=\"243\" srcset=\"data:image\/svg+xml,%3Csvg%20xmlns%3D%27http%3A%2F%2Fwww.w3.org%2F2000%2Fsvg%27%20width%3D%27703%27%20height%3D%27243%27%20viewBox%3D%270%200%20703%20243%27%3E%3Crect%20width%3D%27703%27%20height%3D%27243%27%20fill-opacity%3D%220%22%2F%3E%3C%2Fsvg%3E\" data-srcset=\"https:\/\/victoriacars.com\/de\/wp-content\/uploads\/sites\/5\/2021\/10\/playa-de-la-devesa-200x69.jpg 200w, https:\/\/victoriacars.com\/de\/wp-content\/uploads\/sites\/5\/2021\/10\/playa-de-la-devesa-300x104.jpg 300w, https:\/\/victoriacars.com\/de\/wp-content\/uploads\/sites\/5\/2021\/10\/playa-de-la-devesa-400x138.jpg 400w, https:\/\/victoriacars.com\/de\/wp-content\/uploads\/sites\/5\/2021\/10\/playa-de-la-devesa-600x208.jpg 600w, https:\/\/victoriacars.com\/de\/wp-content\/uploads\/sites\/5\/2021\/10\/playa-de-la-devesa-768x266.jpg 768w, https:\/\/victoriacars.com\/de\/wp-content\/uploads\/sites\/5\/2021\/10\/playa-de-la-devesa-800x277.jpg 800w, https:\/\/victoriacars.com\/de\/wp-content\/uploads\/sites\/5\/2021\/10\/playa-de-la-devesa.jpg 960w\" data-sizes=\"auto\" data-orig-sizes=\"(max-width: 703px) 100vw, 703px\" \/><\/p>\n<blockquote><p>Einige Str\u00e4nde, von denen wir glauben, dass sie ein Muss sind, wenn Sie in Valencia sind. Eine M\u00f6glichkeit, sich vom Alltag zu trennen und die Strahlen des Sternenk\u00f6nigs zu genie\u00dfen.<\/p><\/blockquote>\n<p><a href=\"https:\/\/victoriacars.com\/de\/flotte\/#formulario_reserva\"><img decoding=\"async\" class=\"lazyload aligncenter wp-image-3931 size-fusion-800\" src=\"https:\/\/victoriacars.com\/de\/wp-content\/uploads\/sites\/5\/2020\/10\/aleman-800x306.jpg\" data-orig-src=\"https:\/\/victoriacars.com\/de\/wp-content\/uploads\/sites\/5\/2020\/10\/aleman-800x306.jpg\" alt=\"Hier Buchen\" width=\"800\" height=\"306\" srcset=\"data:image\/svg+xml,%3Csvg%20xmlns%3D%27http%3A%2F%2Fwww.w3.org%2F2000%2Fsvg%27%20width%3D%27800%27%20height%3D%27306%27%20viewBox%3D%270%200%20800%20306%27%3E%3Crect%20width%3D%27800%27%20height%3D%27306%27%20fill-opacity%3D%220%22%2F%3E%3C%2Fsvg%3E\" data-srcset=\"https:\/\/victoriacars.com\/de\/wp-content\/uploads\/sites\/5\/2020\/10\/aleman-200x77.jpg 200w, https:\/\/victoriacars.com\/de\/wp-content\/uploads\/sites\/5\/2020\/10\/aleman-300x115.jpg 300w, https:\/\/victoriacars.com\/de\/wp-content\/uploads\/sites\/5\/2020\/10\/aleman-400x153.jpg 400w, https:\/\/victoriacars.com\/de\/wp-content\/uploads\/sites\/5\/2020\/10\/aleman-600x230.jpg 600w, https:\/\/victoriacars.com\/de\/wp-content\/uploads\/sites\/5\/2020\/10\/aleman-768x294.jpg 768w, https:\/\/victoriacars.com\/de\/wp-content\/uploads\/sites\/5\/2020\/10\/aleman-800x306.jpg 800w, https:\/\/victoriacars.com\/de\/wp-content\/uploads\/sites\/5\/2020\/10\/aleman-1024x392.jpg 1024w, https:\/\/victoriacars.com\/de\/wp-content\/uploads\/sites\/5\/2020\/10\/aleman.jpg 1200w\" data-sizes=\"auto\" data-orig-sizes=\"(max-width: 800px) 100vw, 800px\" \/><\/a><\/p>\n","protected":false},"excerpt":{"rendered":"<p>Bei Victoria Cars, und das sagen wir aus eigener Erfahrung, wissen wir, wie entspannend ein Tag am Strand sein kann. Diese Meeresbrise, die auf Ihren R\u00fccken kracht, w\u00e4hrend Sie Ihren Geist leer lassen und dem Rauschen der Wellen lauschen. Deshalb, weil wir wollen, dass Sie nicht nur einen Tag am Strand genie\u00dfen, sondern dass Sie<\/p>\n","protected":false},"author":2,"featured_media":4415,"comment_status":"closed","ping_status":"closed","sticky":false,"template":"","format":"standard","meta":{"footnotes":""},"categories":[1],"tags":[],"class_list":["post-4429","post","type-post","status-publish","format-standard","has-post-thumbnail","hentry","category-uncategorized"],"_links":{"self":[{"href":"https:\/\/victoriacars.com\/de\/wp-json\/wp\/v2\/posts\/4429","targetHints":{"allow":["GET"]}}],"collection":[{"href":"https:\/\/victoriacars.com\/de\/wp-json\/wp\/v2\/posts"}],"about":[{"href":"https:\/\/victoriacars.com\/de\/wp-json\/wp\/v2\/types\/post"}],"author":[{"embeddable":true,"href":"https:\/\/victoriacars.com\/de\/wp-json\/wp\/v2\/users\/2"}],"replies":[{"embeddable":true,"href":"https:\/\/victoriacars.com\/de\/wp-json\/wp\/v2\/comments?post=4429"}],"version-history":[{"count":4,"href":"https:\/\/victoriacars.com\/de\/wp-json\/wp\/v2\/posts\/4429\/revisions"}],"predecessor-version":[{"id":4434,"href":"https:\/\/victoriacars.com\/de\/wp-json\/wp\/v2\/posts\/4429\/revisions\/4434"}],"wp:featuredmedia":[{"embeddable":true,"href":"https:\/\/victoriacars.com\/de\/wp-json\/wp\/v2\/media\/4415"}],"wp:attachment":[{"href":"https:\/\/victoriacars.com\/de\/wp-json\/wp\/v2\/media?parent=4429"}],"wp:term":[{"taxonomy":"category","embeddable":true,"href":"https:\/\/victoriacars.com\/de\/wp-json\/wp\/v2\/categories?post=4429"},{"taxonomy":"post_tag","embeddable":true,"href":"https:\/\/victoriacars.com\/de\/wp-json\/wp\/v2\/tags?post=4429"}],"curies":[{"name":"wp","href":"https:\/\/api.w.org\/{rel}","templated":true}]}}